{"id":6799,"date":"2023-05-30T14:13:23","date_gmt":"2023-05-30T12:13:23","guid":{"rendered":"https:\/\/apa.de\/2023\/05\/30\/lastima-no-estaba-destinado-a-ser-dortmund-no-es-un-maestro\/"},"modified":"2023-12-18T13:24:09","modified_gmt":"2023-12-18T12:24:09","slug":"lastima-no-estaba-destinado-a-ser-dortmund-no-es-un-maestro","status":"publish","type":"post","link":"https:\/\/apa.de\/es\/2023\/05\/30\/lastima-no-estaba-destinado-a-ser-dortmund-no-es-un-maestro\/","title":{"rendered":"L\u00e1stima, no estaba destinado a ser. \u00a1Dortmund no es un MAESTRO!"},"content":{"rendered":"\n<p>Incluso para nuestro Director General, Peter Adelfang, que no es un entusiasta del f\u00fatbol, aunque fue capit\u00e1n del equipo juvenil D hace casi 50 a\u00f1os (aunque s\u00f3lo en el 2\u00ba equipo), \u00a1esta temporada de la Bundesliga ha generado una emoci\u00f3n incre\u00edble!<\/p>\n\n<p>\u00daltima Borussia Dortmund &#8211; dudas sobre el 9 \u00ba t\u00edtulo en la historia del club se han desvanecido en el aire para nosotros despu\u00e9s de la 3:0 en #Augsburg.<\/p>\n\n<p>La creencia en la coronaci\u00f3n de la temporada de la #Bundesliga podr\u00eda haberse hecho realidad, \u00a1y totalmente merecida!<\/p>\n\n<p>81.365 aficionados convirtieron el estadio de Dortmund en un hervidero de #chispas, pero el 1. FSV Mainz 05 e.V. jug\u00f3 de forma sobresaliente.<\/p>\n\n<p>Esta #temporada nos ha ense\u00f1ado una vez m\u00e1s: \u00abEl \u00faltimo ajuste de cuentas es al final\u00bb, en caso de duda en el \u00faltimo minuto.<\/p>\n\n<p>El segundo puesto no es una desgracia, sino una gran actuaci\u00f3n: el FC Bayern de M\u00fanich s\u00f3lo tuvo un poco m\u00e1s de suerte, pero #Kahn y #Salihamidzic son historia. \u00a1Una victoria suena diferente!<\/p>\n\n<p>Para nuestro director general, este segundo puesto es, sin embargo, una ocasi\u00f3n para hacer brillar su oficina con un FanFrame LED APA personalizado con dise\u00f1o del BVB.<\/p>\n\n<p>Por cierto, \u00a1el #FanFrame tambi\u00e9n es un producto con licencia del BVB!<\/p>\n\n<p>Desde APA Brands Events Solutions enviamos pensamientos reconfortantes a todos los aficionados del BVB.<\/p>\n\n<p>Ahora s\u00f3lo vale una cosa:<\/p>\n\n<p>\u00abCaerse, levantarse, enderezarse la coronilla y seguir jugando\u00bb.<\/p>\n\n<p>Despu\u00e9s de la temporada es antes de la temporada &#8211; la pr\u00f3xima vez funcionar\u00e1.<\/p>\n","protected":false},"excerpt":{"rendered":"<p>Incluso para nuestro Director General, Peter Adelfang, que no es un entusiasta del f\u00fatbol, aunque fue capit\u00e1n del equipo juvenil D hace casi 50 a\u00f1os (aunque s\u00f3lo en el 2\u00ba&#8230;<\/p>\n","protected":false},"author":2,"featured_media":6802,"comment_status":"closed","ping_status":"open","sticky":false,"template":"","format":"standard","meta":{"om_disable_all_campaigns":false,"_monsterinsights_skip_tracking":false,"_monsterinsights_sitenote_active":false,"_monsterinsights_sitenote_note":"","_monsterinsights_sitenote_category":0,"_uf_show_specific_survey":0,"_uf_disable_surveys":false},"categories":[394,315],"tags":[],"aioseo_notices":[],"_links":{"self":[{"href":"https:\/\/apa.de\/es\/wp-json\/wp\/v2\/posts\/6799"}],"collection":[{"href":"https:\/\/apa.de\/es\/wp-json\/wp\/v2\/posts"}],"about":[{"href":"https:\/\/apa.de\/es\/wp-json\/wp\/v2\/types\/post"}],"author":[{"embeddable":true,"href":"https:\/\/apa.de\/es\/wp-json\/wp\/v2\/users\/2"}],"replies":[{"embeddable":true,"href":"https:\/\/apa.de\/es\/wp-json\/wp\/v2\/comments?post=6799"}],"version-history":[{"count":0,"href":"https:\/\/apa.de\/es\/wp-json\/wp\/v2\/posts\/6799\/revisions"}],"wp:featuredmedia":[{"embeddable":true,"href":"https:\/\/apa.de\/es\/wp-json\/wp\/v2\/media\/6802"}],"wp:attachment":[{"href":"https:\/\/apa.de\/es\/wp-json\/wp\/v2\/media?parent=6799"}],"wp:term":[{"taxonomy":"category","embeddable":true,"href":"https:\/\/apa.de\/es\/wp-json\/wp\/v2\/categories?post=6799"},{"taxonomy":"post_tag","embeddable":true,"href":"https:\/\/apa.de\/es\/wp-json\/wp\/v2\/tags?post=6799"}],"curies":[{"name":"wp","href":"https:\/\/api.w.org\/{rel}","templated":true}]}}