{"id":6872,"date":"2023-03-29T14:09:08","date_gmt":"2023-03-29T12:09:08","guid":{"rendered":"https:\/\/apa.de\/2023\/03\/29\/tres-partidos-internacionales-en-5-dias-ningun-problema-para-nuestro-equipo\/"},"modified":"2023-12-18T13:28:52","modified_gmt":"2023-12-18T12:28:52","slug":"tres-partidos-internacionales-en-5-dias-ningun-problema-para-nuestro-equipo","status":"publish","type":"post","link":"https:\/\/apa.de\/es\/2023\/03\/29\/tres-partidos-internacionales-en-5-dias-ningun-problema-para-nuestro-equipo\/","title":{"rendered":"Tres partidos internacionales en 5 d\u00edas: ning\u00fan problema para nuestro equipo"},"content":{"rendered":"\n<p>Esta semana ha sido de nuevo el par\u00f3n de la Bundesliga &#8211; \u00a1La Selecci\u00f3n va!<br\/>Nuestros juveniles dieron el pistoletazo de salida: la selecci\u00f3n nacional sub-21 cosech\u00f3 un s\u00f3lido empate contra Jap\u00f3n en el PSD Arena, a pesar de una batalla llena de emoci\u00f3n.<\/p>\n\n<p>A s\u00f3lo 48,3 kil\u00f3metros de distancia y menos de 24 horas despu\u00e9s, sin embargo, la selecci\u00f3n masculina A consigui\u00f3 una merecida victoria sobre Per\u00fa ante un p\u00fablico que llen\u00f3 el Mewa Arena de Maguncia con un marcador de 2:0.<\/p>\n\n<p>Pero el martes, la selecci\u00f3n alemana perdi\u00f3 3:2 contra sus rivales de B\u00e9lgica en el estadio Rhein-Energie de Colonia. Menudo saque inicial en negro, rojo y oro, donde no faltaron las emociones.<\/p>\n\n<p>Un fin de semana de partido internacional no s\u00f3lo significa un programa completo para nuestro socio de muchos a\u00f1os, la DFB, sino que tambi\u00e9n tenemos a toda una serie de jefes de proyecto, t\u00e9cnicos e instaladores en la carretera en nombre de la selecci\u00f3n nacional para proporcionar a nuestro equipo un escenario digno.<\/p>\n\n<p>2.338 metros lineales de tejido procesado del recinto<br\/>M\u00e1s de 900 producciones especiales<br\/>Casi 500 producciones de la DFB almacenadas<\/p>\n\n<p>Las zonas VIP se embellecen para que los invitados se sientan como en casa en la DFB, los estadios se envuelven por completo con los colores de nuestro pa\u00eds y los vestuarios pierden el aire de club y ganan el de Alemania para que los jugadores luchen por nuestro pa\u00eds con plena motivaci\u00f3n sobre el terreno de juego.<\/p>\n\n<p>En resumen, nuestros gestores de proyectos han superado con nota esta fase de partidos internacionales, \u00a1y ya esperamos con impaciencia los pr\u00f3ximos partidos de nuestros alemanes este a\u00f1o!<\/p>\n\n<figure class=\"wp-block-gallery has-nested-images columns-2 is-cropped wp-block-gallery-1 is-layout-flex\">\n<figure class=\"wp-block-image size-large\"><img decoding=\"async\" loading=\"lazy\" width=\"1024\" height=\"1024\" data-id=\"1632\"  src=\"https:\/\/apa.de\/wp-content\/uploads\/2023\/04\/Image2-1024x1024.jpeg\" alt=\"\" class=\"wp-image-1632\" srcset=\"https:\/\/apa.de\/wp-content\/uploads\/2023\/04\/Image2-1024x1024.jpeg 1024w, https:\/\/apa.de\/wp-content\/uploads\/2023\/04\/Image2-300x300.jpeg 300w, https:\/\/apa.de\/wp-content\/uploads\/2023\/04\/Image2-150x150.jpeg 150w, https:\/\/apa.de\/wp-content\/uploads\/2023\/04\/Image2-768x768.jpeg 768w, https:\/\/apa.de\/wp-content\/uploads\/2023\/04\/Image2-100x100.jpeg 100w, https:\/\/apa.de\/wp-content\/uploads\/2023\/04\/Image2-140x140.jpeg 140w, https:\/\/apa.de\/wp-content\/uploads\/2023\/04\/Image2-500x500.jpeg 500w, https:\/\/apa.de\/wp-content\/uploads\/2023\/04\/Image2-350x350.jpeg 350w, https:\/\/apa.de\/wp-content\/uploads\/2023\/04\/Image2-1000x1000.jpeg 1000w, https:\/\/apa.de\/wp-content\/uploads\/2023\/04\/Image2-800x800.jpeg 800w, https:\/\/apa.de\/wp-content\/uploads\/2023\/04\/Image2.jpeg 1440w\" sizes=\"(max-width: 1024px) 100vw, 1024px\" \/><\/figure>\n\n\n\n<figure class=\"wp-block-image size-large\"><img decoding=\"async\" loading=\"lazy\" width=\"1024\" height=\"1024\" data-id=\"1633\"  src=\"https:\/\/apa.de\/wp-content\/uploads\/2023\/04\/Image3-1024x1024.jpeg\" alt=\"\" class=\"wp-image-1633\" srcset=\"https:\/\/apa.de\/wp-content\/uploads\/2023\/04\/Image3-1024x1024.jpeg 1024w, https:\/\/apa.de\/wp-content\/uploads\/2023\/04\/Image3-300x300.jpeg 300w, https:\/\/apa.de\/wp-content\/uploads\/2023\/04\/Image3-150x150.jpeg 150w, https:\/\/apa.de\/wp-content\/uploads\/2023\/04\/Image3-768x768.jpeg 768w, https:\/\/apa.de\/wp-content\/uploads\/2023\/04\/Image3-100x100.jpeg 100w, https:\/\/apa.de\/wp-content\/uploads\/2023\/04\/Image3-140x140.jpeg 140w, https:\/\/apa.de\/wp-content\/uploads\/2023\/04\/Image3-500x500.jpeg 500w, https:\/\/apa.de\/wp-content\/uploads\/2023\/04\/Image3-350x350.jpeg 350w, https:\/\/apa.de\/wp-content\/uploads\/2023\/04\/Image3-1000x1000.jpeg 1000w, https:\/\/apa.de\/wp-content\/uploads\/2023\/04\/Image3-800x800.jpeg 800w, https:\/\/apa.de\/wp-content\/uploads\/2023\/04\/Image3.jpeg 1440w\" sizes=\"(max-width: 1024px) 100vw, 1024px\" \/><\/figure>\n\n\n\n<figure class=\"wp-block-image size-large\"><img decoding=\"async\" loading=\"lazy\" width=\"1024\" height=\"768\" data-id=\"1635\"  src=\"https:\/\/apa.de\/wp-content\/uploads\/2023\/04\/Image5-1024x768.jpeg\" alt=\"\" class=\"wp-image-1635\" srcset=\"https:\/\/apa.de\/wp-content\/uploads\/2023\/04\/Image5-1024x768.jpeg 1024w, https:\/\/apa.de\/wp-content\/uploads\/2023\/04\/Image5-300x225.jpeg 300w, https:\/\/apa.de\/wp-content\/uploads\/2023\/04\/Image5-768x576.jpeg 768w, https:\/\/apa.de\/wp-content\/uploads\/2023\/04\/Image5-1536x1152.jpeg 1536w, https:\/\/apa.de\/wp-content\/uploads\/2023\/04\/Image5.jpeg 1600w\" sizes=\"(max-width: 1024px) 100vw, 1024px\" \/><\/figure>\n\n\n\n<figure class=\"wp-block-image size-large\"><img decoding=\"async\" loading=\"lazy\" width=\"1024\" height=\"1024\" data-id=\"1634\"  src=\"https:\/\/apa.de\/wp-content\/uploads\/2023\/04\/Image4-1024x1024.jpeg\" alt=\"\" class=\"wp-image-1634\" srcset=\"https:\/\/apa.de\/wp-content\/uploads\/2023\/04\/Image4-1024x1024.jpeg 1024w, https:\/\/apa.de\/wp-content\/uploads\/2023\/04\/Image4-300x300.jpeg 300w, https:\/\/apa.de\/wp-content\/uploads\/2023\/04\/Image4-150x150.jpeg 150w, https:\/\/apa.de\/wp-content\/uploads\/2023\/04\/Image4-768x768.jpeg 768w, https:\/\/apa.de\/wp-content\/uploads\/2023\/04\/Image4-100x100.jpeg 100w, https:\/\/apa.de\/wp-content\/uploads\/2023\/04\/Image4-140x140.jpeg 140w, https:\/\/apa.de\/wp-content\/uploads\/2023\/04\/Image4-500x500.jpeg 500w, https:\/\/apa.de\/wp-content\/uploads\/2023\/04\/Image4-350x350.jpeg 350w, https:\/\/apa.de\/wp-content\/uploads\/2023\/04\/Image4-1000x1000.jpeg 1000w, https:\/\/apa.de\/wp-content\/uploads\/2023\/04\/Image4-800x800.jpeg 800w, https:\/\/apa.de\/wp-content\/uploads\/2023\/04\/Image4.jpeg 1440w\" sizes=\"(max-width: 1024px) 100vw, 1024px\" \/><\/figure>\n<\/figure>\n","protected":false},"excerpt":{"rendered":"<p>Esta semana ha sido de nuevo el par\u00f3n de la Bundesliga &#8211; \u00a1La Selecci\u00f3n va!Nuestros juveniles dieron el pistoletazo de salida: la selecci\u00f3n nacional sub-21 cosech\u00f3 un s\u00f3lido empate contra&#8230;<\/p>\n","protected":false},"author":2,"featured_media":6877,"comment_status":"closed","ping_status":"open","sticky":false,"template":"","format":"standard","meta":{"om_disable_all_campaigns":false,"_monsterinsights_skip_tracking":false,"_monsterinsights_sitenote_active":false,"_monsterinsights_sitenote_note":"","_monsterinsights_sitenote_category":0,"_uf_show_specific_survey":0,"_uf_disable_surveys":false},"categories":[394,315],"tags":[],"aioseo_notices":[],"_links":{"self":[{"href":"https:\/\/apa.de\/es\/wp-json\/wp\/v2\/posts\/6872"}],"collection":[{"href":"https:\/\/apa.de\/es\/wp-json\/wp\/v2\/posts"}],"about":[{"href":"https:\/\/apa.de\/es\/wp-json\/wp\/v2\/types\/post"}],"author":[{"embeddable":true,"href":"https:\/\/apa.de\/es\/wp-json\/wp\/v2\/users\/2"}],"replies":[{"embeddable":true,"href":"https:\/\/apa.de\/es\/wp-json\/wp\/v2\/comments?post=6872"}],"version-history":[{"count":0,"href":"https:\/\/apa.de\/es\/wp-json\/wp\/v2\/posts\/6872\/revisions"}],"wp:featuredmedia":[{"embeddable":true,"href":"https:\/\/apa.de\/es\/wp-json\/wp\/v2\/media\/6877"}],"wp:attachment":[{"href":"https:\/\/apa.de\/es\/wp-json\/wp\/v2\/media?parent=6872"}],"wp:term":[{"taxonomy":"category","embeddable":true,"href":"https:\/\/apa.de\/es\/wp-json\/wp\/v2\/categories?post=6872"},{"taxonomy":"post_tag","embeddable":true,"href":"https:\/\/apa.de\/es\/wp-json\/wp\/v2\/tags?post=6872"}],"curies":[{"name":"wp","href":"https:\/\/api.w.org\/{rel}","templated":true}]}}