{"id":7293,"date":"2022-06-20T09:43:00","date_gmt":"2022-06-20T07:43:00","guid":{"rendered":"https:\/\/apa.de\/2022\/06\/20\/apreciacion-%f0%9f%8d%80\/"},"modified":"2023-12-18T14:18:41","modified_gmt":"2023-12-18T13:18:41","slug":"apreciacion-%f0%9f%8d%80","status":"publish","type":"post","link":"https:\/\/apa.de\/es\/2022\/06\/20\/apreciacion-%f0%9f%8d%80\/","title":{"rendered":"\u00a1#apreciaci\u00f3n! \ud83c\udf40"},"content":{"rendered":"\n<p>Hoy, un correo electr\u00f3nico de un cliente me ha hecho darme cuenta una vez m\u00e1s de lo importante que es el agradecimiento articulado y del bien que nos hace a todos que la gente entienda los incansables esfuerzos de nuestro equipo.<\/p>\n\n<p>Quiero dar las gracias de todo coraz\u00f3n a todo el equipo de la APA.\u2665\ufe0f\ud83d\udc4f Me llena de orgullo y humildad.<\/p>\n\n<p>A menudo pienso en todo lo que hacemos en APA Brands Events Solutions, en los esfuerzos especiales de nuestros gestores de proyectos, t\u00e9cnicos, impresores y asistentes de producci\u00f3n: todos trabajan en equipo y est\u00e1n comprometidos con el \u00e9xito de un proyecto.<\/p>\n\n<p>Ni que decir tiene que los clientes tambi\u00e9n nos llaman al m\u00f3vil despu\u00e9s de las 20.00 horas, los d\u00edas festivos y los fines de semana, y nuestro equipo est\u00e1 disponible y les atiende, haga el tiempo que haga.<\/p>\n\n<p>Hoy he recibido el siguiente agradecido correo electr\u00f3nico de alguien que deber\u00eda saberlo, poco antes del comienzo de los Juegos Nacionales de Special Olympics.<\/p>\n\n<p>Ben Treby, Look &amp; Signage Manager de los Juegos Mundiales Special Olympics Berl\u00edn 2023 escribe:<\/p>\n\n<p>\u270d\ufe0f \u00abPeter,<\/p>\n\n<p>Gracias por sus amables palabras y por ponerse en contacto con nosotros en v\u00edsperas de la ceremonia de inauguraci\u00f3n de la obra.<\/p>\n\n<p>Dejar\u00e9 que Kristen responda por separado, pero me complace compartir las noticias de la direcci\u00f3n, las partes interesadas y el equipo en general de que todos est\u00e1n muy contentos con el nivel de la imagen y la se\u00f1alizaci\u00f3n en todo el proyecto.<\/p>\n\n<p>Los elogios que me llegan son realmente mejores si los comparto con Ralf y Fabio y Thomas Vierbuchen, que nos han atendido muy bien; han respondido a los retos que les hemos planteado; han encontrado respuestas creativas y han entregado un trabajo de impresi\u00f3n y producci\u00f3n acabado de muy alto nivel.<\/p>\n\n<p>Thomas, en particular, ha tratado a la marca con cuidado y respeto, y Ralf, Fabio y Jonas son seres humanos fant\u00e1sticos con los que da gusto trabajar.<\/p>\n\n<p>Nuestro \u00e9xito es un \u00e9xito compartido, as\u00ed que muchas gracias por formar parte de la aventura.<\/p>\n\n<p>Te deseo lo mejor, Ben\u00bb.<\/p>\n\n<p>\ud83d\ude4f \u00a1Ben por este reconocimiento especial!<\/p>\n","protected":false},"excerpt":{"rendered":"<p>Hoy, un correo electr\u00f3nico de un cliente me ha hecho darme cuenta una vez m\u00e1s de lo importante que es el agradecimiento articulado y del bien que nos hace a&#8230;<\/p>\n","protected":false},"author":2,"featured_media":7294,"comment_status":"open","ping_status":"open","sticky":false,"template":"","format":"standard","meta":{"om_disable_all_campaigns":false,"_monsterinsights_skip_tracking":false,"_monsterinsights_sitenote_active":false,"_monsterinsights_sitenote_note":"","_monsterinsights_sitenote_category":0,"_uf_show_specific_survey":0,"_uf_disable_surveys":false},"categories":[286],"tags":[],"aioseo_notices":[],"_links":{"self":[{"href":"https:\/\/apa.de\/es\/wp-json\/wp\/v2\/posts\/7293"}],"collection":[{"href":"https:\/\/apa.de\/es\/wp-json\/wp\/v2\/posts"}],"about":[{"href":"https:\/\/apa.de\/es\/wp-json\/wp\/v2\/types\/post"}],"author":[{"embeddable":true,"href":"https:\/\/apa.de\/es\/wp-json\/wp\/v2\/users\/2"}],"replies":[{"embeddable":true,"href":"https:\/\/apa.de\/es\/wp-json\/wp\/v2\/comments?post=7293"}],"version-history":[{"count":0,"href":"https:\/\/apa.de\/es\/wp-json\/wp\/v2\/posts\/7293\/revisions"}],"wp:featuredmedia":[{"embeddable":true,"href":"https:\/\/apa.de\/es\/wp-json\/wp\/v2\/media\/7294"}],"wp:attachment":[{"href":"https:\/\/apa.de\/es\/wp-json\/wp\/v2\/media?parent=7293"}],"wp:term":[{"taxonomy":"category","embeddable":true,"href":"https:\/\/apa.de\/es\/wp-json\/wp\/v2\/categories?post=7293"},{"taxonomy":"post_tag","embeddable":true,"href":"https:\/\/apa.de\/es\/wp-json\/wp\/v2\/tags?post=7293"}],"curies":[{"name":"wp","href":"https:\/\/api.w.org\/{rel}","templated":true}]}}