{"id":7402,"date":"2022-04-04T10:13:00","date_gmt":"2022-04-04T08:13:00","guid":{"rendered":"https:\/\/apa.de\/2022\/04\/04\/duro-sorteo-para-alemania\/"},"modified":"2023-12-18T14:20:09","modified_gmt":"2023-12-18T13:20:09","slug":"duro-sorteo-para-alemania","status":"publish","type":"post","link":"https:\/\/apa.de\/es\/2022\/04\/04\/duro-sorteo-para-alemania\/","title":{"rendered":"Duro sorteo para Alemania"},"content":{"rendered":"\n<p>La anfitriona Qatar abrir\u00e1 la #FootballWorldCup 2022\u26bd\ufe0f contra Ecuador.<\/p>\n\n<p>#Qatar est\u00e1 por primera vez en un Mundial. Como pa\u00eds anfitri\u00f3n, el estado del desierto se clasific\u00f3 autom\u00e1ticamente para el torneo.<\/p>\n\n<p>La selecci\u00f3n qatar\u00ed tambi\u00e9n se enfrentar\u00e1 a Senegal, campeona de \u00c1frica, y a Holanda.<br\/>La final se disputar\u00e1 el 18 de diciembre.<\/p>\n\n<p>Alemania se enfrentar\u00e1 a Jap\u00f3n, Espa\u00f1a y Nueva Zelanda o Costa Rica en el Grupo E.<\/p>\n\n<p>Para nosotros, en APA Brands Events Solutions, como equipador general de la selecci\u00f3n alemana de f\u00fatbol, sigue siendo emocionante acompa\u00f1ar a \u00abDie Mannschaft\u00bb en los pr\u00f3ximos partidos internacionales.<br\/>Esperamos que Alemania repita en Kartar lo que conseguimos en Brasil en 2014.<\/p>\n\n<p>Nos encantar\u00eda volver a equipar la \u00abFiesta de bienvenida\u00bb en la Puerta de Brandemburgo con nuestro equipo de implantaci\u00f3n de la APA, como entonces, \u00a1ante 500.000 personas!<\/p>\n\n<p>Estamos manteniendo los dedos cruzados\ud83c\udf40\ud83c\udfc6<\/p>\n\n<h3 class=\"wp-block-heading\">Duro sorteo para Alemania<\/h3>\n\n<p>El anfitri\u00f3n Qatar abrir\u00e1 la #WorldCup 2022 \u26bd\ufe0fagainst Ecuador.<\/p>\n\n<p>#Qatar participa por primera vez en un Mundial. Como anfitri\u00f3n, el pa\u00eds del desierto se clasific\u00f3 autom\u00e1ticamente para el torneo.<\/p>\n\n<p>La selecci\u00f3n qatar\u00ed tambi\u00e9n se enfrentar\u00e1 a Senegal, campe\u00f3n de \u00c1frica, y a Holanda.<br\/>La final se disputar\u00e1 el 18 de diciembre.<\/p>\n\n<p>Alemania se enfrentar\u00e1 a Jap\u00f3n, Espa\u00f1a y Nueva Zelanda o Costa Rica en el Grupo E.<\/p>\n\n<p>Para nosotros, en APA Brands Events Solutions, como equipador general de la selecci\u00f3n alemana de #f\u00fatbol, sigue siendo emocionante acompa\u00f1ar a \u00abDie Mannschaft\u00bb en los partidos internacionales que a\u00fan est\u00e1n por llegar.<br\/>Estamos deseando que Alemania repita en Kartar lo que conseguimos en Brasil en 2014.<\/p>\n\n<p>Nos encantar\u00eda volver con nuestro equipo de implantaci\u00f3n de la APA, como entonces, ante 500.000 personas para equipar la \u00abFiesta de bienvenida\u00bb en la Puerta de Brandemburgo.<\/p>\n\n<p>Cruzamos los dedos\ud83c\udf40\ud83c\udfc6.<\/p>\n","protected":false},"excerpt":{"rendered":"<p>La anfitriona Qatar abrir\u00e1 la #FootballWorldCup 2022\u26bd\ufe0f contra Ecuador. #Qatar est\u00e1 por primera vez en un Mundial. Como pa\u00eds anfitri\u00f3n, el estado del desierto se clasific\u00f3 autom\u00e1ticamente para el torneo&#8230;.<\/p>\n","protected":false},"author":2,"featured_media":7403,"comment_status":"open","ping_status":"open","sticky":false,"template":"","format":"standard","meta":{"om_disable_all_campaigns":false,"_monsterinsights_skip_tracking":false,"_monsterinsights_sitenote_active":false,"_monsterinsights_sitenote_note":"","_monsterinsights_sitenote_category":0,"_uf_show_specific_survey":0,"_uf_disable_surveys":false},"categories":[394,314,315],"tags":[],"aioseo_notices":[],"_links":{"self":[{"href":"https:\/\/apa.de\/es\/wp-json\/wp\/v2\/posts\/7402"}],"collection":[{"href":"https:\/\/apa.de\/es\/wp-json\/wp\/v2\/posts"}],"about":[{"href":"https:\/\/apa.de\/es\/wp-json\/wp\/v2\/types\/post"}],"author":[{"embeddable":true,"href":"https:\/\/apa.de\/es\/wp-json\/wp\/v2\/users\/2"}],"replies":[{"embeddable":true,"href":"https:\/\/apa.de\/es\/wp-json\/wp\/v2\/comments?post=7402"}],"version-history":[{"count":0,"href":"https:\/\/apa.de\/es\/wp-json\/wp\/v2\/posts\/7402\/revisions"}],"wp:featuredmedia":[{"embeddable":true,"href":"https:\/\/apa.de\/es\/wp-json\/wp\/v2\/media\/7403"}],"wp:attachment":[{"href":"https:\/\/apa.de\/es\/wp-json\/wp\/v2\/media?parent=7402"}],"wp:term":[{"taxonomy":"category","embeddable":true,"href":"https:\/\/apa.de\/es\/wp-json\/wp\/v2\/categories?post=7402"},{"taxonomy":"post_tag","embeddable":true,"href":"https:\/\/apa.de\/es\/wp-json\/wp\/v2\/tags?post=7402"}],"curies":[{"name":"wp","href":"https:\/\/api.w.org\/{rel}","templated":true}]}}