{"id":8352,"date":"2024-06-19T08:53:26","date_gmt":"2024-06-19T06:53:26","guid":{"rendered":"https:\/\/apa.de\/2024\/06\/19\/5-1-para-alemania-un-comienzo-extraordinario-en-la-eurocopa\/"},"modified":"2024-06-19T10:17:25","modified_gmt":"2024-06-19T08:17:25","slug":"5-1-para-alemania-un-comienzo-extraordinario-en-la-eurocopa","status":"publish","type":"post","link":"https:\/\/apa.de\/es\/2024\/06\/19\/5-1-para-alemania-un-comienzo-extraordinario-en-la-eurocopa\/","title":{"rendered":"5-1 para Alemania: un comienzo extraordinario en la Eurocopa"},"content":{"rendered":"<p>\u00abUnidos por el f\u00fatbol. Unidos en el coraz\u00f3n de Europa\u00bb: un gran lema para un gran acontecimiento, que nuestro Consejero Delegado, Peter Adelfang, y nuestro signatario autorizado, Sebastian Kunitz, han podido vivir hoy como invitados de la UEFA en el partido inaugural entre Alemania y Escocia.<\/p>\n<p>Un honor especial.<br \/>\nGracias al Jefe de Operaciones de Marca de la UEFA, Thomas Klar, y a su entregado equipo de marca por este gesto de agradecimiento.<\/p>\n<p>Miles de aficionados acuden desde hace d\u00edas a los festivales de la afici\u00f3n en todo el pa\u00eds, y esta euforia ha alcanzado hoy su punto \u00e1lgido temporal en el partido inaugural de la Eurocopa 2024 en el <a class=\"x1i10hfl xjbqb8w x1ejq31n xd10rxx x1sy0etr x17r0tee x972fbf xcfux6l x1qhh985 xm0m39n x9f619 x1ypdohk xt0psk2 xe8uvvx xdj266r x11i5rnm xat24cr x1mh8g0r xexx8yu x4uap5 x18d9i69 xkhd6sd x16tdsg8 x1hl2dhg xggy1nq x1a2a7pz _aa9_ _a6hd\" tabindex=\"0\" role=\"link\" href=\"https:\/\/www.instagram.com\/explore\/tags\/allianzarena\/\">Allianz Arena<\/a>, el Alemania-Escocia.<\/p>\n<p>Con este sensacional 5:1, podemos aspirar con raz\u00f3n a ganar el t\u00edtulo de campeones de Europa.<\/p>\n<p>Sigan trabajando as\u00ed de bien.<\/p>\n","protected":false},"excerpt":{"rendered":"<p>\u00abUnidos por el f\u00fatbol. Unidos en el coraz\u00f3n de Europa\u00bb: un gran lema para un gran acontecimiento, que nuestro Consejero Delegado, Peter Adelfang, y nuestro signatario autorizado, Sebastian Kunitz, han&#8230;<\/p>\n","protected":false},"author":2,"featured_media":8329,"comment_status":"closed","ping_status":"closed","sticky":false,"template":"","format":"standard","meta":{"om_disable_all_campaigns":false,"_monsterinsights_skip_tracking":false,"_monsterinsights_sitenote_active":false,"_monsterinsights_sitenote_note":"","_monsterinsights_sitenote_category":0,"_uf_show_specific_survey":0,"_uf_disable_surveys":false},"categories":[1085],"tags":[1107,1109,684,1108,1089,895,1101],"aioseo_notices":[],"_links":{"self":[{"href":"https:\/\/apa.de\/es\/wp-json\/wp\/v2\/posts\/8352"}],"collection":[{"href":"https:\/\/apa.de\/es\/wp-json\/wp\/v2\/posts"}],"about":[{"href":"https:\/\/apa.de\/es\/wp-json\/wp\/v2\/types\/post"}],"author":[{"embeddable":true,"href":"https:\/\/apa.de\/es\/wp-json\/wp\/v2\/users\/2"}],"replies":[{"embeddable":true,"href":"https:\/\/apa.de\/es\/wp-json\/wp\/v2\/comments?post=8352"}],"version-history":[{"count":0,"href":"https:\/\/apa.de\/es\/wp-json\/wp\/v2\/posts\/8352\/revisions"}],"wp:featuredmedia":[{"embeddable":true,"href":"https:\/\/apa.de\/es\/wp-json\/wp\/v2\/media\/8329"}],"wp:attachment":[{"href":"https:\/\/apa.de\/es\/wp-json\/wp\/v2\/media?parent=8352"}],"wp:term":[{"taxonomy":"category","embeddable":true,"href":"https:\/\/apa.de\/es\/wp-json\/wp\/v2\/categories?post=8352"},{"taxonomy":"post_tag","embeddable":true,"href":"https:\/\/apa.de\/es\/wp-json\/wp\/v2\/tags?post=8352"}],"curies":[{"name":"wp","href":"https:\/\/api.w.org\/{rel}","templated":true}]}}