{"id":6698,"date":"2023-11-08T14:41:04","date_gmt":"2023-11-08T13:41:04","guid":{"rendered":"https:\/\/apa.de\/2023\/11\/08\/note-1-formation-terminee\/"},"modified":"2023-11-08T14:41:04","modified_gmt":"2023-11-08T13:41:04","slug":"note-1-formation-terminee","status":"publish","type":"post","link":"https:\/\/apa.de\/fr\/2023\/11\/08\/note-1-formation-terminee\/","title":{"rendered":"Note 1 &#8211; formation termin\u00e9e"},"content":{"rendered":"<p>Ce sont des moments comme celui-ci qui rappellent \u00e0 notre CEO, Peter Adelfang, sa propre formation, jusqu&rsquo;\u00e0 la note.<\/p>\n<p>On aurait volontiers souhait\u00e9 qu&rsquo;il soit enregistr\u00e9 \u00e0 l&rsquo;\u00e9poque. La performance, l&rsquo;effort de vraiment \u00ab\u00a0mordre\u00a0\u00bb pendant 3 ans.<\/p>\n<p>Avant, les choses \u00e9taient diff\u00e9rentes.<\/p>\n<p>Le stagiaire s&rsquo;appelait l&rsquo;apprenti et le genre n&rsquo;existait pas non plus.<\/p>\n<p>Est-ce que c&rsquo;\u00e9tait mieux pour autant ? Pas du tout !<\/p>\n<p>Nous sommes heureux d&rsquo;avoir une #culture diff\u00e9rente pour nos apprentis chez APA Brands Events Solutions.<\/p>\n<ul>\n<li>Nous souhaitons accompagner nos apprentis en tant que commerciaux dans le domaine de l&rsquo;\u00e9v\u00e9nementiel ou de l&rsquo;industrie, dans leur d\u00e9veloppement personnel.<\/li>\n<li>Nous voulons qu&rsquo;ils apprennent tr\u00e8s t\u00f4t \u00e0 prendre des responsabilit\u00e9s et qu&rsquo;ils \u00e9prouvent du plaisir \u00e0 se former.<\/li>\n<li>Nous recherchons des personnalit\u00e9s qui se passionnent pour la cr\u00e9ation et l&rsquo;optimisation de processus et qui assument leur r\u00f4le de mani\u00e8re autonome, critique mais constructive au sein de l&rsquo;\u00e9quipe.<\/li>\n<\/ul>\n<p>Aujourd&rsquo;hui, notre CEO a eu le plaisir de f\u00e9liciter Darlene Over, l&rsquo;une de nos huit apprentis actuels, pour la r\u00e9ussite de son dipl\u00f4me.<\/p>\n<p>Le tout m\u00eame avec la note.<\/p>\n<p>En tant qu&rsquo;entreprise formatrice, nous en sommes \u00e9galement tr\u00e8s fiers.<\/p>\n<p>Nous honorons ce genre de chose, quelle que soit la note d&rsquo;ailleurs, en offrant un stylo de grande qualit\u00e9 grav\u00e9 individuellement au nom de l&rsquo;apprenti, accompagn\u00e9 bien s\u00fbr d&rsquo;une bouteille de champagne bien fra\u00eeche pour pouvoir trinquer avec les coll\u00e8gues.<\/p>\n<p>Nous croyons en la g\u00e9n\u00e9ration Z et c&rsquo;est pourquoi nous continuerons \u00e0 former avec plaisir \u00e0 l&rsquo;avenir !<\/p>\n","protected":false},"excerpt":{"rendered":"<p>Ce sont des moments comme celui-ci qui rappellent \u00e0 notre CEO, Peter Adelfang, sa propre formation, jusqu&rsquo;\u00e0 la note. On aurait volontiers souhait\u00e9 qu&rsquo;il soit enregistr\u00e9 \u00e0 l&rsquo;\u00e9poque. La performance,&#8230;<\/p>\n","protected":false},"author":2,"featured_media":6701,"comment_status":"closed","ping_status":"closed","sticky":false,"template":"","format":"standard","meta":{"om_disable_all_campaigns":false,"_monsterinsights_skip_tracking":false,"_monsterinsights_sitenote_active":false,"_monsterinsights_sitenote_note":"","_monsterinsights_sitenote_category":0,"_uf_show_specific_survey":0,"_uf_disable_surveys":false},"categories":[322],"tags":[323,479,524,522,523],"aioseo_notices":[],"_links":{"self":[{"href":"https:\/\/apa.de\/fr\/wp-json\/wp\/v2\/posts\/6698"}],"collection":[{"href":"https:\/\/apa.de\/fr\/wp-json\/wp\/v2\/posts"}],"about":[{"href":"https:\/\/apa.de\/fr\/wp-json\/wp\/v2\/types\/post"}],"author":[{"embeddable":true,"href":"https:\/\/apa.de\/fr\/wp-json\/wp\/v2\/users\/2"}],"replies":[{"embeddable":true,"href":"https:\/\/apa.de\/fr\/wp-json\/wp\/v2\/comments?post=6698"}],"version-history":[{"count":0,"href":"https:\/\/apa.de\/fr\/wp-json\/wp\/v2\/posts\/6698\/revisions"}],"wp:featuredmedia":[{"embeddable":true,"href":"https:\/\/apa.de\/fr\/wp-json\/wp\/v2\/media\/6701"}],"wp:attachment":[{"href":"https:\/\/apa.de\/fr\/wp-json\/wp\/v2\/media?parent=6698"}],"wp:term":[{"taxonomy":"category","embeddable":true,"href":"https:\/\/apa.de\/fr\/wp-json\/wp\/v2\/categories?post=6698"},{"taxonomy":"post_tag","embeddable":true,"href":"https:\/\/apa.de\/fr\/wp-json\/wp\/v2\/tags?post=6698"}],"curies":[{"name":"wp","href":"https:\/\/api.w.org\/{rel}","templated":true}]}}