{"id":6731,"date":"2023-11-08T14:49:24","date_gmt":"2023-11-08T13:49:24","guid":{"rendered":"https:\/\/apa.de\/2023\/11\/08\/le-numero-1-mondial-face-a-une-forte-concurrence\/"},"modified":"2023-11-08T14:49:24","modified_gmt":"2023-11-08T13:49:24","slug":"le-numero-1-mondial-face-a-une-forte-concurrence","status":"publish","type":"post","link":"https:\/\/apa.de\/fr\/2023\/11\/08\/le-numero-1-mondial-face-a-une-forte-concurrence\/","title":{"rendered":"Le num\u00e9ro 1 mondial face \u00e0 une forte concurrence"},"content":{"rendered":"<p>Du 12 au 18 juin 2023, Bad Homburg s&rsquo;est transform\u00e9 en centre du tennis en Allemagne, lorsque les meilleures joueuses autour de la num\u00e9ro 1 mondiale, Iga Swiatek, se sont affront\u00e9es sur le gazon pour remporter le titre tant convoit\u00e9.<\/p>\n<p>L&rsquo;Open de Bad Homburg offre un m\u00e9lange parfait de suspense, de talent et de d\u00e9vouement au tennis. Les spectateurs ont pu assister \u00e0 des \u00e9changes de balles passionnants, des joueuses passionn\u00e9es et une ambiance incomparable.<\/p>\n<p>Outre les matchs de haut niveau, un vaste programme d&rsquo;accompagnement a r\u00e9pondu \u00e0 toutes les attentes. Des activit\u00e9s pour les fans, des s\u00e9ances d&rsquo;autographes et la possibilit\u00e9 d&rsquo;interagir de pr\u00e8s avec les stars du tennis ont fait de cet \u00e9v\u00e9nement une exp\u00e9rience inoubliable pour les jeunes et les moins jeunes.<\/p>\n<p>En tant que partenaire du <a href=\"https:\/\/www.linkedin.com\/company\/wta-bad-homburg\/\">WTA Bad Homburg Open presented by Engel &amp; V\u00f6lkers<\/a>, nous sommes d\u00e9j\u00e0 responsables de l&rsquo;ensemble du branding &amp; de la signalisation de cet \u00e9v\u00e9nement de pointe depuis la premi\u00e8re \u00e9dition du tournoi en 2021.<\/p>\n<p>Mais ce n&rsquo;est pas la premi\u00e8re du classement Swiatek qui a soulev\u00e9 la coupe. La Tch\u00e8que Katerina Siniakova a d\u00fb attendre longtemps avant de pouvoir f\u00eater sa premi\u00e8re victoire en simple dans un tournoi de tennis sur gazon \u00e0 l&rsquo;Open de Bad Homburg. Lors de la finale de samedi, la joueuse de 27 ans a battu l&rsquo;Italienne Lucia Bronzetti 6:2, 7:6 (7:5). Elle ne s&rsquo;est pas laiss\u00e9e d\u00e9stabiliser par une interruption de la pluie qui a dur\u00e9 trois bonnes heures. Siniakova avait d\u00e9j\u00e0 atteint la finale en 2021 et avait perdu \u00e0 l&rsquo;\u00e9poque contre Angelique Kerber, triple vainqueur du Grand Chelem allemand.<\/p>\n","protected":false},"excerpt":{"rendered":"<p>Du 12 au 18 juin 2023, Bad Homburg s&rsquo;est transform\u00e9 en centre du tennis en Allemagne, lorsque les meilleures joueuses autour de la num\u00e9ro 1 mondiale, Iga Swiatek, se sont&#8230;<\/p>\n","protected":false},"author":2,"featured_media":9403,"comment_status":"closed","ping_status":"closed","sticky":false,"template":"","format":"standard","meta":{"om_disable_all_campaigns":false,"_monsterinsights_skip_tracking":false,"_monsterinsights_sitenote_active":false,"_monsterinsights_sitenote_note":"","_monsterinsights_sitenote_category":0,"_uf_show_specific_survey":0,"_uf_disable_surveys":false},"categories":[309,374],"tags":[323,564,375,565],"aioseo_notices":[],"_links":{"self":[{"href":"https:\/\/apa.de\/fr\/wp-json\/wp\/v2\/posts\/6731"}],"collection":[{"href":"https:\/\/apa.de\/fr\/wp-json\/wp\/v2\/posts"}],"about":[{"href":"https:\/\/apa.de\/fr\/wp-json\/wp\/v2\/types\/post"}],"author":[{"embeddable":true,"href":"https:\/\/apa.de\/fr\/wp-json\/wp\/v2\/users\/2"}],"replies":[{"embeddable":true,"href":"https:\/\/apa.de\/fr\/wp-json\/wp\/v2\/comments?post=6731"}],"version-history":[{"count":0,"href":"https:\/\/apa.de\/fr\/wp-json\/wp\/v2\/posts\/6731\/revisions"}],"wp:featuredmedia":[{"embeddable":true,"href":"https:\/\/apa.de\/fr\/wp-json\/wp\/v2\/media\/9403"}],"wp:attachment":[{"href":"https:\/\/apa.de\/fr\/wp-json\/wp\/v2\/media?parent=6731"}],"wp:term":[{"taxonomy":"category","embeddable":true,"href":"https:\/\/apa.de\/fr\/wp-json\/wp\/v2\/categories?post=6731"},{"taxonomy":"post_tag","embeddable":true,"href":"https:\/\/apa.de\/fr\/wp-json\/wp\/v2\/tags?post=6731"}],"curies":[{"name":"wp","href":"https:\/\/api.w.org\/{rel}","templated":true}]}}