{"id":6814,"date":"2023-05-22T14:10:44","date_gmt":"2023-05-22T12:10:44","guid":{"rendered":"https:\/\/apa.de\/2023\/05\/22\/never-change-a-running-system-la-finale-de-la-coupe-feminine-a-cologne\/"},"modified":"2023-12-18T13:24:17","modified_gmt":"2023-12-18T12:24:17","slug":"never-change-a-running-system-la-finale-de-la-coupe-feminine-a-cologne","status":"publish","type":"post","link":"https:\/\/apa.de\/fr\/2023\/05\/22\/never-change-a-running-system-la-finale-de-la-coupe-feminine-a-cologne\/","title":{"rendered":"Never change a running system &#8211; La finale de la coupe f\u00e9minine \u00e0 Cologne"},"content":{"rendered":"\n<p>En tant que fournisseur g\u00e9n\u00e9ral de la <a href=\"https:\/\/www.linkedin.com\/company\/deutscher-fussball-bund\/\">F\u00e9d\u00e9ration allemande de football (DFB)<\/a>, APA a le privil\u00e8ge d&rsquo;accompagner la finale de la Coupe d&rsquo;Allemagne f\u00e9minine depuis pr\u00e8s d&rsquo;une d\u00e9cennie et de l&rsquo;\u00e9quiper en fonction de la sc\u00e8ne. Autres composantes fid\u00e8les de ce spectacle &#8211; Le stade Rhein-Energie \u00e0 <a href=\"https:\/\/www.linkedin.com\/feed\/hashtag\/?keywords=k%C3%B6ln&amp;highlightedUpdateUrns=urn%3Ali%3Aactivity%3A7065039815376805890\">#Cologne<\/a> et le VFL Wolfsburg comme \u00e9quipe favorite.  <\/p>\n\n<p>Depuis le championnat d&rsquo;Europe de football f\u00e9minin en Angleterre l&rsquo;ann\u00e9e derni\u00e8re, l&rsquo;Allemagne est plong\u00e9e dans une v\u00e9ritable euphorie du <a href=\"https:\/\/www.linkedin.com\/feed\/hashtag\/?keywords=frauenfussballs&amp;highlightedUpdateUrns=urn%3Ali%3Aactivity%3A7065039815376805890\">#football f\u00e9minin<\/a>. Et cela se voit aussi dans la finale de la coupe des femmes de cette ann\u00e9e  <\/p>\n\n<p>Le <a href=\"https:\/\/www.linkedin.com\/company\/sport-club-freiburg-e.v.\/\">Sport-Club Freiburg e.V<\/a>. a d\u00e9fi\u00e9 le vainqueur en s\u00e9rie de la coupe, le VfL Wolfsburg. Mais ce dernier bat le club de Breisgau de mani\u00e8re souveraine par 4 \u00e0 1 et remporte ainsi son 9e ( !) titre de Coupe d&rsquo;Allemagne cons\u00e9cutif. F\u00e9licitations aux femmes du <a href=\"https:\/\/www.linkedin.com\/company\/vfl-wolfsburg\/\">VfL Wolfsburg<\/a>.<\/p>\n\n<p>Depuis de nombreuses ann\u00e9es, la <a href=\"https:\/\/www.linkedin.com\/feed\/hashtag\/?keywords=dfbpokalfinale&amp;highlightedUpdateUrns=urn%3Ali%3Aactivity%3A7065039815376805890\"> finale de la #DFBPokal<\/a> f\u00e9minine est un \u00e9v\u00e9nement sportif absolu. Gr\u00e2ce \u00e0 l&rsquo;\u00e9quipement g\u00e9n\u00e9ral de l&rsquo;ensemble du stade, APA apporte, avec sa longue expertise, une atmosph\u00e8re unique et une ambiance captivante pour toute la famille dans l&rsquo;ar\u00e8ne.<\/p>\n\n<p>Nous sommes fiers de pouvoir soutenir le d\u00e9veloppement du football f\u00e9minin par notre travail et de voir l&rsquo;ampleur de cet \u00e9v\u00e9nement cro\u00eetre d&rsquo;ann\u00e9e en ann\u00e9e.<\/p>\n","protected":false},"excerpt":{"rendered":"<p>En tant que fournisseur g\u00e9n\u00e9ral de la F\u00e9d\u00e9ration allemande de football (DFB), APA a le privil\u00e8ge d&rsquo;accompagner la finale de la Coupe d&rsquo;Allemagne f\u00e9minine depuis pr\u00e8s d&rsquo;une d\u00e9cennie et de&#8230;<\/p>\n","protected":false},"author":2,"featured_media":6815,"comment_status":"closed","ping_status":"open","sticky":false,"template":"","format":"standard","meta":{"om_disable_all_campaigns":false,"_monsterinsights_skip_tracking":false,"_monsterinsights_sitenote_active":false,"_monsterinsights_sitenote_note":"","_monsterinsights_sitenote_category":0,"_uf_show_specific_survey":0,"_uf_disable_surveys":false},"categories":[309,310,386],"tags":[],"aioseo_notices":[],"_links":{"self":[{"href":"https:\/\/apa.de\/fr\/wp-json\/wp\/v2\/posts\/6814"}],"collection":[{"href":"https:\/\/apa.de\/fr\/wp-json\/wp\/v2\/posts"}],"about":[{"href":"https:\/\/apa.de\/fr\/wp-json\/wp\/v2\/types\/post"}],"author":[{"embeddable":true,"href":"https:\/\/apa.de\/fr\/wp-json\/wp\/v2\/users\/2"}],"replies":[{"embeddable":true,"href":"https:\/\/apa.de\/fr\/wp-json\/wp\/v2\/comments?post=6814"}],"version-history":[{"count":0,"href":"https:\/\/apa.de\/fr\/wp-json\/wp\/v2\/posts\/6814\/revisions"}],"wp:featuredmedia":[{"embeddable":true,"href":"https:\/\/apa.de\/fr\/wp-json\/wp\/v2\/media\/6815"}],"wp:attachment":[{"href":"https:\/\/apa.de\/fr\/wp-json\/wp\/v2\/media?parent=6814"}],"wp:term":[{"taxonomy":"category","embeddable":true,"href":"https:\/\/apa.de\/fr\/wp-json\/wp\/v2\/categories?post=6814"},{"taxonomy":"post_tag","embeddable":true,"href":"https:\/\/apa.de\/fr\/wp-json\/wp\/v2\/tags?post=6814"}],"curies":[{"name":"wp","href":"https:\/\/api.w.org\/{rel}","templated":true}]}}