{"id":6878,"date":"2023-04-18T13:53:05","date_gmt":"2023-04-18T11:53:05","guid":{"rendered":"https:\/\/apa.de\/2023\/04\/18\/le-feeling-porsche-pour-lequipe-apa\/"},"modified":"2023-12-18T13:28:51","modified_gmt":"2023-12-18T12:28:51","slug":"le-feeling-porsche-pour-lequipe-apa","status":"publish","type":"post","link":"https:\/\/apa.de\/fr\/2023\/04\/18\/le-feeling-porsche-pour-lequipe-apa\/","title":{"rendered":"Le feeling Porsche pour l&rsquo;\u00e9quipe APA"},"content":{"rendered":"\n<p>Cette ann\u00e9e, dans le cadre de notre nouvelle philosophie New Work, nous avons tir\u00e9 au sort des billets VIP pour la finale <a href=\"https:\/\/www.linkedin.com\/company\/12300928\/admin\/\">du Grand Prix de tennis Porsche<\/a> \u00e0 nos collaborateurs et collaboratrices. Le tirage au sort a \u00e9t\u00e9 effectu\u00e9 par notre #chef d&rsquo;\u00e9quipe <a href=\"https:\/\/www.linkedin.com\/company\/12300928\/admin\/\">Kim Gehrmann<\/a> et notre f\u00e9e du sort Melanie Frorath, certifi\u00e9e par un notaire.<\/p>\n\n<p>Il y avait 2 x 2 tickets VIP \u00e0 gagner pour la grande finale du dimanche 23 avril 2023, offrant ainsi \u00e0 nos collaborateurs la possibilit\u00e9 d&rsquo;inviter leur #famille et leurs #amis \u00e0 un \u00e9v\u00e9nement phare absolu.<\/p>\n\n<p>Les deux heureux #gagnants, Jonas Heydt, responsable de projet APA, et Marcel Fischer, technicien publicitaire APA, ainsi que leurs partenaires, auront droit \u00e0 du tennis de #classe mondiale, \u00e0 un moment culinaire exceptionnel et \u00e0 la possibilit\u00e9 d&rsquo;admirer en direct les r\u00e9sultats de notre travail.<\/p>\n\n<p>\u00ab\u00a0C&rsquo;est d\u00e9j\u00e0 assez cool de travailler pour des \u00e9v\u00e9nements importants et connus et de voir son travail \u00e0 la t\u00e9l\u00e9vision, mais le fait d&rsquo;avoir en plus de telles opportunit\u00e9s est vraiment un bon bonus !<\/p>\n\n<p>\u00ab\u00a0Je suis tr\u00e8s contente de ces billets et, honn\u00eatement, je ne m&rsquo;attendais pas \u00e0 gagner quelque chose. C&rsquo;est tr\u00e8s cool de la part <a href=\"https:\/\/www.linkedin.com\/company\/12300928\/admin\/\">d&rsquo;APA Brands Events Solutions<\/a> d&rsquo;avoir cette opportunit\u00e9 et je vais appr\u00e9cier l&rsquo;exp\u00e9rience\u00a0\u00bb. &#8211; Jonas Heydt<\/p>\n\n<p>Nous leur souhaitons, ainsi qu&rsquo;\u00e0 leurs familles et amis, beaucoup de plaisir \u00e0 Stuttgart !<\/p>\n","protected":false},"excerpt":{"rendered":"<p>Cette ann\u00e9e, dans le cadre de notre nouvelle philosophie New Work, nous avons tir\u00e9 au sort des billets VIP pour la finale du Grand Prix de tennis Porsche \u00e0 nos&#8230;<\/p>\n","protected":false},"author":2,"featured_media":6882,"comment_status":"closed","ping_status":"open","sticky":false,"template":"","format":"standard","meta":{"om_disable_all_campaigns":false,"_monsterinsights_skip_tracking":false,"_monsterinsights_sitenote_active":false,"_monsterinsights_sitenote_note":"","_monsterinsights_sitenote_category":0,"_uf_show_specific_survey":0,"_uf_disable_surveys":false},"categories":[285],"tags":[],"aioseo_notices":[],"_links":{"self":[{"href":"https:\/\/apa.de\/fr\/wp-json\/wp\/v2\/posts\/6878"}],"collection":[{"href":"https:\/\/apa.de\/fr\/wp-json\/wp\/v2\/posts"}],"about":[{"href":"https:\/\/apa.de\/fr\/wp-json\/wp\/v2\/types\/post"}],"author":[{"embeddable":true,"href":"https:\/\/apa.de\/fr\/wp-json\/wp\/v2\/users\/2"}],"replies":[{"embeddable":true,"href":"https:\/\/apa.de\/fr\/wp-json\/wp\/v2\/comments?post=6878"}],"version-history":[{"count":0,"href":"https:\/\/apa.de\/fr\/wp-json\/wp\/v2\/posts\/6878\/revisions"}],"wp:featuredmedia":[{"embeddable":true,"href":"https:\/\/apa.de\/fr\/wp-json\/wp\/v2\/media\/6882"}],"wp:attachment":[{"href":"https:\/\/apa.de\/fr\/wp-json\/wp\/v2\/media?parent=6878"}],"wp:term":[{"taxonomy":"category","embeddable":true,"href":"https:\/\/apa.de\/fr\/wp-json\/wp\/v2\/categories?post=6878"},{"taxonomy":"post_tag","embeddable":true,"href":"https:\/\/apa.de\/fr\/wp-json\/wp\/v2\/tags?post=6878"}],"curies":[{"name":"wp","href":"https:\/\/api.w.org\/{rel}","templated":true}]}}