{"id":7021,"date":"2023-01-23T07:42:00","date_gmt":"2023-01-23T06:42:00","guid":{"rendered":"https:\/\/apa.de\/2023\/01\/23\/le-plus-grand-gala-de-charite-deurope\/"},"modified":"2023-12-18T13:32:50","modified_gmt":"2023-12-18T12:32:50","slug":"le-plus-grand-gala-de-charite-deurope","status":"publish","type":"post","link":"https:\/\/apa.de\/fr\/2023\/01\/23\/le-plus-grand-gala-de-charite-deurope\/","title":{"rendered":"Le plus grand gala de charit\u00e9 d&rsquo;Europe"},"content":{"rendered":"\n<p>&#8230;.et notre CEO Peter Adelfang avec sa femme Ute et une partie de notre \u00e9quipe de direction au milieu.<\/p>\n\n<p>Du #RedCarpet \u00e0 la #SilentDisco parsem\u00e9e de #bouch\u00e9es de #NelsonM\u00fcller \u00e0 la #saucisse au curry &#8211; rien n&rsquo;a \u00e9t\u00e9 n\u00e9glig\u00e9.<\/p>\n\n<p>Le 52e #BallDesSports de l&rsquo;Aide Sportive a \u00e9t\u00e9 organis\u00e9 pour la premi\u00e8re fois depuis 16 ans \u00e0 #Francfort, dans la #Festhalle, avec de nombreuses stars du #sport et des #c\u00e9l\u00e9brit\u00e9s de la politique et de l&rsquo;\u00e9conomie.<\/p>\n\n<p>On a assist\u00e9 \u00e0 un programme de sport et de spectacle \u00e9poustouflant avec 1 500 invit\u00e9s.<\/p>\n\n<p>Sur un mur d&rsquo;escalade de 10 m\u00e8tres de haut, des performances d&rsquo;escalade, compos\u00e9es des disciplines olympiques #bouldering, leading et #speed escalade, ont \u00e9t\u00e9 pr\u00e9sent\u00e9es au milieu de la salle. En outre, l&rsquo;#acrobatie sportive, l&rsquo;art et l&rsquo;#athl\u00e9tisme se sont unis musicalement pour former une #\u00e9quipe, comme on ne les conna\u00eet que du #CirqueDuSoleil.<\/p>\n\n<p>L&rsquo;acte de minuit #TimBendzko a compl\u00e9t\u00e9 le programme \u00e9blouissant.<\/p>\n\n<p>F\u00e9licitations \u00e0 Karsten Petry et \u00e0 son \u00e9quipe \u00e9v\u00e9nementielle d\u00e9vou\u00e9e de l&rsquo;#AideSport.<\/p>\n\n<p>Un d\u00e9but d&rsquo;ann\u00e9e r\u00e9ussi auquel nous, APA Brands Events Solutions, avons volontiers apport\u00e9 notre expertise.<\/p>\n","protected":false},"excerpt":{"rendered":"<p>&#8230;.et notre CEO Peter Adelfang avec sa femme Ute et une partie de notre \u00e9quipe de direction au milieu. Du #RedCarpet \u00e0 la #SilentDisco parsem\u00e9e de #bouch\u00e9es de #NelsonM\u00fcller \u00e0&#8230;<\/p>\n","protected":false},"author":4,"featured_media":7022,"comment_status":"closed","ping_status":"closed","sticky":false,"template":"","format":"standard","meta":{"om_disable_all_campaigns":false,"_monsterinsights_skip_tracking":false,"_monsterinsights_sitenote_active":false,"_monsterinsights_sitenote_note":"","_monsterinsights_sitenote_category":0,"_uf_show_specific_survey":0,"_uf_disable_surveys":false},"categories":[346,309],"tags":[],"aioseo_notices":[],"_links":{"self":[{"href":"https:\/\/apa.de\/fr\/wp-json\/wp\/v2\/posts\/7021"}],"collection":[{"href":"https:\/\/apa.de\/fr\/wp-json\/wp\/v2\/posts"}],"about":[{"href":"https:\/\/apa.de\/fr\/wp-json\/wp\/v2\/types\/post"}],"author":[{"embeddable":true,"href":"https:\/\/apa.de\/fr\/wp-json\/wp\/v2\/users\/4"}],"replies":[{"embeddable":true,"href":"https:\/\/apa.de\/fr\/wp-json\/wp\/v2\/comments?post=7021"}],"version-history":[{"count":0,"href":"https:\/\/apa.de\/fr\/wp-json\/wp\/v2\/posts\/7021\/revisions"}],"wp:featuredmedia":[{"embeddable":true,"href":"https:\/\/apa.de\/fr\/wp-json\/wp\/v2\/media\/7022"}],"wp:attachment":[{"href":"https:\/\/apa.de\/fr\/wp-json\/wp\/v2\/media?parent=7021"}],"wp:term":[{"taxonomy":"category","embeddable":true,"href":"https:\/\/apa.de\/fr\/wp-json\/wp\/v2\/categories?post=7021"},{"taxonomy":"post_tag","embeddable":true,"href":"https:\/\/apa.de\/fr\/wp-json\/wp\/v2\/tags?post=7021"}],"curies":[{"name":"wp","href":"https:\/\/api.w.org\/{rel}","templated":true}]}}