{"id":7346,"date":"2022-05-23T09:59:00","date_gmt":"2022-05-23T07:59:00","guid":{"rendered":"https:\/\/apa.de\/2022\/05\/23\/2022-22-ans-curateur-de-laide-sportive\/"},"modified":"2023-12-18T14:19:32","modified_gmt":"2023-12-18T13:19:32","slug":"2022-22-ans-curateur-de-laide-sportive","status":"publish","type":"post","link":"https:\/\/apa.de\/fr\/2022\/05\/23\/2022-22-ans-curateur-de-laide-sportive\/","title":{"rendered":"2022 -&gt; 22 ans curateur de l&rsquo;Aide sportive"},"content":{"rendered":"\n<p>Ce qui a commenc\u00e9 en l&rsquo;an 2000 se poursuivra au-del\u00e0 de 2022 &#8211; cela fait 22 ans que je suis le fier curateur de l&rsquo;Aide sportive allemande.<br\/>Jour apr\u00e8s jour, des sportifs et des sportives r\u00e9alisent des #performances de pointe dans leur discipline, sans disposer pour autant de la m\u00eame marge de man\u0153uvre financi\u00e8re \u00e9quitable que les footballeurs, par exemple.<\/p>\n\n<p>APA Brands Events Solutions en particulier peut plus que s&rsquo;identifier aux valeurs des athl\u00e8tes de haut niveau, nous sommes chez nous dans le sport et nous faisons toujours le mille suppl\u00e9mentaire pour nos clients.<\/p>\n\n<p>Le don annuel du curatorium de 7.500\u20ac me tient particuli\u00e8rement \u00e0 c\u0153ur. Il permet par exemple de financer plus de 1.500 volants de plumes, des centaines de tenues de gymnastique ou des dizaines de javelots &#8211; chaque contribution fait ainsi quelque chose de grand pour les #athl\u00e8tes.<\/p>\n\n<p>J&rsquo;ai pris conscience de ces 22 ann\u00e9es lors de la c\u00e9r\u00e9monie de remise de la #Pyramided&rsquo;or du sport, qui s&rsquo;est d\u00e9roul\u00e9e cette ann\u00e9e le 20 mai \u00e0 Berlin et \u00e0 laquelle j&rsquo;ai eu l&rsquo;honneur d&rsquo;\u00eatre invit\u00e9.<\/p>\n\n<p>Des personnalit\u00e9s exceptionnelles y ont \u00e9t\u00e9 honor\u00e9es pour leurs performances sportives et entrepreneuriales.<\/p>\n\n<p>Cette ann\u00e9e, le #prix a \u00e9t\u00e9 d\u00e9cern\u00e9 \u00e0 l&rsquo;ancienne l\u00e9gende de la gymnastique #EberhardGienger, l&rsquo;une des figures les plus marquantes de la gymnastique allemande dans les ann\u00e9es 70.<br\/>Les c\u00e9r\u00e9monies des deux derni\u00e8res ann\u00e9es n&rsquo;ayant pas pu avoir lieu pour cause de corona, l&rsquo;ancienne entra\u00eeneuse nationale de football f\u00e9minin #SilviaNeid ainsi que l&rsquo;ancien joueur professionnel de tennis de table et pr\u00e9sident du comit\u00e9 directeur de l&rsquo;Aide sportive depuis de nombreuses ann\u00e9es #HansWilhelmG\u00e4b ont \u00e9t\u00e9 honor\u00e9s ult\u00e9rieurement.<\/p>\n\n<p>Au m\u00eame moment, la #ministre de l&rsquo;Int\u00e9rieur #NancyFaeser a fait l&rsquo;\u00e9loge des nouveaux membres admis au #HallOfFame :<\/p>\n\n<p>#VerenaBentele, MarianneBuggenhagen, UschiDisl,<br\/>#HildeGerg,<br\/>#GeorgHackl,<br\/>#ReginaHalmich,<br\/>#ThomasLange,<br\/>#HeikeHenkel et<br\/>#MatthiasSteiner.<\/p>\n\n<p>J&rsquo;adresse mes plus sinc\u00e8res #congratulations \u00e0 tous les laur\u00e9ats et nouveaux membres du \u00ab\u00a0Hall of Fame\u00a0\u00bb &#8211; des prestations de vie fortes pour le sport de haut niveau.<\/p>\n\n<p>En tant que fournisseur de branding et de signal\u00e9tique, #APA offre \u00e0 Deutsche Sporthilfe une sc\u00e8ne appropri\u00e9e pour un engagement unique et des m\u00e9rites particuliers autour du sport lors de ses \u00e9v\u00e9nements phares, comme la remise de la \u00ab\u00a0Pyramide d&rsquo;or du sport\u00a0\u00bb et l&rsquo;admission de personnalit\u00e9s importantes dans le \u00ab\u00a0Hall of Fame\u00a0\u00bb qui y est li\u00e9e.<\/p>\n\n<p>F\u00e9licitations \u00e9galement au pr\u00e9sident du comit\u00e9 directeur de l&rsquo;Aide sportive allemande Thomas Berlemann et au directeur de l&rsquo;Aide sportive Karsten Petry pour cette manifestation digne et r\u00e9ussie.<\/p>\n","protected":false},"excerpt":{"rendered":"<p>Ce qui a commenc\u00e9 en l&rsquo;an 2000 se poursuivra au-del\u00e0 de 2022 &#8211; cela fait 22 ans que je suis le fier curateur de l&rsquo;Aide sportive allemande.Jour apr\u00e8s jour, des&#8230;<\/p>\n","protected":false},"author":2,"featured_media":7347,"comment_status":"open","ping_status":"open","sticky":false,"template":"","format":"standard","meta":{"om_disable_all_campaigns":false,"_monsterinsights_skip_tracking":false,"_monsterinsights_sitenote_active":false,"_monsterinsights_sitenote_note":"","_monsterinsights_sitenote_category":0,"_uf_show_specific_survey":0,"_uf_disable_surveys":false},"categories":[346,309],"tags":[],"aioseo_notices":[],"_links":{"self":[{"href":"https:\/\/apa.de\/fr\/wp-json\/wp\/v2\/posts\/7346"}],"collection":[{"href":"https:\/\/apa.de\/fr\/wp-json\/wp\/v2\/posts"}],"about":[{"href":"https:\/\/apa.de\/fr\/wp-json\/wp\/v2\/types\/post"}],"author":[{"embeddable":true,"href":"https:\/\/apa.de\/fr\/wp-json\/wp\/v2\/users\/2"}],"replies":[{"embeddable":true,"href":"https:\/\/apa.de\/fr\/wp-json\/wp\/v2\/comments?post=7346"}],"version-history":[{"count":0,"href":"https:\/\/apa.de\/fr\/wp-json\/wp\/v2\/posts\/7346\/revisions"}],"wp:featuredmedia":[{"embeddable":true,"href":"https:\/\/apa.de\/fr\/wp-json\/wp\/v2\/media\/7347"}],"wp:attachment":[{"href":"https:\/\/apa.de\/fr\/wp-json\/wp\/v2\/media?parent=7346"}],"wp:term":[{"taxonomy":"category","embeddable":true,"href":"https:\/\/apa.de\/fr\/wp-json\/wp\/v2\/categories?post=7346"},{"taxonomy":"post_tag","embeddable":true,"href":"https:\/\/apa.de\/fr\/wp-json\/wp\/v2\/tags?post=7346"}],"curies":[{"name":"wp","href":"https:\/\/api.w.org\/{rel}","templated":true}]}}