{"id":7482,"date":"2022-01-10T10:28:00","date_gmt":"2022-01-10T09:28:00","guid":{"rendered":"https:\/\/apa.de\/2022\/01\/10\/coupe-du-monde-de-biathlon-de-grande-classe\/"},"modified":"2023-12-18T14:26:14","modified_gmt":"2023-12-18T13:26:14","slug":"coupe-du-monde-de-biathlon-de-grande-classe","status":"publish","type":"post","link":"https:\/\/apa.de\/fr\/2022\/01\/10\/coupe-du-monde-de-biathlon-de-grande-classe\/","title":{"rendered":"Coupe du monde de biathlon de grande classe"},"content":{"rendered":"\n<p>Les routiniers Erik Lesser et Franziska Hildebrand ont d\u00e9croch\u00e9 la septi\u00e8me place du relais mixte individuel lors du biathlon organis\u00e9 \u00e0 domicile \u00e0 Oberhof.<br\/>Suite \u00e0 des rat\u00e9s au stand de tir, le retard sur la Russie, vainqueur de la comp\u00e9tition non olympique, est d\u00e9sormais de 1:25,7 minutes.<\/p>\n\n<p>Pour APA Brands Events Solutions, en tant que fournisseur de branding et de signal\u00e9tique pour l&rsquo;ensemble de la #CoupeduMondedeBiathlon,#Oberhofesttoujoursune\u00e9tapetr\u00e8sparticuli\u00e8reetpourlesfans,l&rsquo;undes\u00e9v\u00e9nementsde sports d&rsquo;hiver les plus populaires de l&rsquo;ann\u00e9e.<\/p>\n\n<p>Au d\u00e9but de la semaine, au lieu de la neige, il n&rsquo;y avait que de la pluie et de la temp\u00eate, ce qui a d&rsquo;abord rendu le montage impossible. Trois jours plus tard, le temps est pass\u00e9 \u00e0 un froid glacial avec des bourrasques de neige, si bien que le montage des nombreux supports publicitaires a d\u00fb se faire \u00e0 une vitesse record, gr\u00e2ce \u00e0 l&rsquo;\u00e9quipe d&rsquo;APA #WintersportTeam.<\/p>\n\n<p>Un d\u00e9fi de taille pour d\u00e9buter l&rsquo;#ann\u00e9e !<\/p>\n\n<p>Nos routiniers sur place, sous la coordination de notre chef de projet senior #RalfEppert, ont toutefois r\u00e9ussi \u00e0 ma\u00eetriser cette aventure et \u00e0 faire briller les bandes lumineuses APA-LED comme des accroche-regards.<\/p>\n\n<p>Nous attendons avec impatience la suite \u00e0 Ruhpolding.<\/p>\n\n<h3 class=\"wp-block-heading\">La Coupe du monde de biathlon dans une classe \u00e0 part<\/h3>\n\n<p>Les v\u00e9t\u00e9rans Erik Lesser et Franziska Hildebrand ont termin\u00e9 septi\u00e8mes du relais mixte individuel lors du match \u00e0 domicile de biathlon \u00e0 Oberhof. En raison d&rsquo;erreurs commises \u00e0 la ligne de tir, ils accusent d\u00e9sormais un retard de 1:25.7 minutes sur la Russie, vainqueur de la comp\u00e9tition non olympique.<\/p>\n\n<p>Pour APA, fournisseur de la marque et de la signal\u00e9tique de l&rsquo;ensemble de la Coupe du monde de biathlon, Oberhof est toujours une \u00e9tape tr\u00e8s sp\u00e9ciale et, pour les fans, l&rsquo;un des \u00e9v\u00e9nements sportifs d&rsquo;hiver les plus populaires de l&rsquo;ann\u00e9e. Au d\u00e9but de la semaine, il n&rsquo;y avait que de la pluie et de la temp\u00eate au lieu de la neige, ce qui a rendu la mise en place impossible au d\u00e9but. Trois jours plus tard, le temps est pass\u00e9 \u00e0 un froid glacial avec des flocons de neige, de sorte que la mise en place des nombreux mat\u00e9riels publicitaires a pu alors se faire \u00e0 une vitesse record.<\/p>\n\n<p>Un v\u00e9ritable d\u00e9fi pour le d\u00e9but de l&rsquo;ann\u00e9e ! Cependant, notre personnel exp\u00e9riment\u00e9 sur place, coordonn\u00e9 par notre chef de projet senior Ralf Eppert, a su relever le d\u00e9fi et faire briller les banni\u00e8res LED de l&rsquo;APA comme des eye-catchers.<\/p>\n\n<p>Nous attendons avec impatience la continuation \u00e0 Ruhpolding.<\/p>\n","protected":false},"excerpt":{"rendered":"<p>Les routiniers Erik Lesser et Franziska Hildebrand ont d\u00e9croch\u00e9 la septi\u00e8me place du relais mixte individuel lors du biathlon organis\u00e9 \u00e0 domicile \u00e0 Oberhof.Suite \u00e0 des rat\u00e9s au stand de&#8230;<\/p>\n","protected":false},"author":2,"featured_media":7483,"comment_status":"open","ping_status":"open","sticky":false,"template":"","format":"standard","meta":{"om_disable_all_campaigns":false,"_monsterinsights_skip_tracking":false,"_monsterinsights_sitenote_active":false,"_monsterinsights_sitenote_note":"","_monsterinsights_sitenote_category":0,"_uf_show_specific_survey":0,"_uf_disable_surveys":false},"categories":[356,309,386],"tags":[],"aioseo_notices":[],"_links":{"self":[{"href":"https:\/\/apa.de\/fr\/wp-json\/wp\/v2\/posts\/7482"}],"collection":[{"href":"https:\/\/apa.de\/fr\/wp-json\/wp\/v2\/posts"}],"about":[{"href":"https:\/\/apa.de\/fr\/wp-json\/wp\/v2\/types\/post"}],"author":[{"embeddable":true,"href":"https:\/\/apa.de\/fr\/wp-json\/wp\/v2\/users\/2"}],"replies":[{"embeddable":true,"href":"https:\/\/apa.de\/fr\/wp-json\/wp\/v2\/comments?post=7482"}],"version-history":[{"count":0,"href":"https:\/\/apa.de\/fr\/wp-json\/wp\/v2\/posts\/7482\/revisions"}],"wp:featuredmedia":[{"embeddable":true,"href":"https:\/\/apa.de\/fr\/wp-json\/wp\/v2\/media\/7483"}],"wp:attachment":[{"href":"https:\/\/apa.de\/fr\/wp-json\/wp\/v2\/media?parent=7482"}],"wp:term":[{"taxonomy":"category","embeddable":true,"href":"https:\/\/apa.de\/fr\/wp-json\/wp\/v2\/categories?post=7482"},{"taxonomy":"post_tag","embeddable":true,"href":"https:\/\/apa.de\/fr\/wp-json\/wp\/v2\/tags?post=7482"}],"curies":[{"name":"wp","href":"https:\/\/api.w.org\/{rel}","templated":true}]}}