{"id":8688,"date":"2024-07-04T08:59:11","date_gmt":"2024-07-04T06:59:11","guid":{"rendered":"https:\/\/apa.de\/2024\/07\/04\/les-meilleurs-athletes-se-retrouvent-pour-lhabillage-de-lequipe-d-a-duesseldorf\/"},"modified":"2024-07-04T08:59:11","modified_gmt":"2024-07-04T06:59:11","slug":"les-meilleurs-athletes-se-retrouvent-pour-lhabillage-de-lequipe-d-a-duesseldorf","status":"publish","type":"post","link":"https:\/\/apa.de\/fr\/2024\/07\/04\/les-meilleurs-athletes-se-retrouvent-pour-lhabillage-de-lequipe-d-a-duesseldorf\/","title":{"rendered":"Les meilleurs athl\u00e8tes se retrouvent pour l&rsquo;habillage de l&rsquo;\u00e9quipe D \u00e0 D\u00fcsseldorf"},"content":{"rendered":"<p>Pour les sportifs qui se sont qualifi\u00e9s pour les Jeux olympiques et paralympiques de Paris, le premier temps fort est d\u00e9j\u00e0 pr\u00e9vu : L&rsquo;habillage officiel de l&rsquo;\u00e9quipe d&rsquo;Allemagne. Plus de 600 participants et membres de l&rsquo;\u00e9quipe sont attendus \u00e0 la Messe D\u00fcsseldorf pour essayer leurs tenues \u00e0 diff\u00e9rents postes avant de se rendre en France dans moins de quatre semaines pour les Jeux d&rsquo;\u00e9t\u00e9. Les athl\u00e8tes se pr\u00e9parent mentalement, s&rsquo;habillent avec l&rsquo;\u00e9quipement ad\u00e9quat et l&rsquo;impatience est palpable parmi les participants. Apr\u00e8s l&rsquo;habillage, la journ\u00e9e n&rsquo;est pas encore termin\u00e9e pour les athl\u00e8tes. Des interviews et d&rsquo;autres activit\u00e9s de relations publiques sont au programme, au cours desquelles les m\u00e9dias peuvent \u00e9changer pour la derni\u00e8re fois avec les sportifs nomin\u00e9s dans leur pays d&rsquo;origine. Dans le cadre de l&rsquo;habillage, la derni\u00e8re s\u00e9ance de nomination du DOSB aura \u00e9galement lieu le 5 juillet et se terminera par une conf\u00e9rence de presse. Le suspense reste donc entier ! Chez APA, nous avons eu l&rsquo;honneur de mettre le salon de D\u00fcsseldorf dans le bon contexte pour les athl\u00e8tes et la presse.       <\/p>\n","protected":false},"excerpt":{"rendered":"<p>Pour les sportifs qui se sont qualifi\u00e9s pour les Jeux olympiques et paralympiques de Paris, le premier temps fort est d\u00e9j\u00e0 pr\u00e9vu : L&rsquo;habillage officiel de l&rsquo;\u00e9quipe d&rsquo;Allemagne. Plus de&#8230;<\/p>\n","protected":false},"author":2,"featured_media":8393,"comment_status":"closed","ping_status":"closed","sticky":false,"template":"","format":"standard","meta":{"om_disable_all_campaigns":false,"_monsterinsights_skip_tracking":false,"_monsterinsights_sitenote_active":false,"_monsterinsights_sitenote_note":"","_monsterinsights_sitenote_category":0,"_uf_show_specific_survey":0,"_uf_disable_surveys":false},"categories":[346],"tags":[1239,555,1236,1240,1229,1235],"aioseo_notices":[],"_links":{"self":[{"href":"https:\/\/apa.de\/fr\/wp-json\/wp\/v2\/posts\/8688"}],"collection":[{"href":"https:\/\/apa.de\/fr\/wp-json\/wp\/v2\/posts"}],"about":[{"href":"https:\/\/apa.de\/fr\/wp-json\/wp\/v2\/types\/post"}],"author":[{"embeddable":true,"href":"https:\/\/apa.de\/fr\/wp-json\/wp\/v2\/users\/2"}],"replies":[{"embeddable":true,"href":"https:\/\/apa.de\/fr\/wp-json\/wp\/v2\/comments?post=8688"}],"version-history":[{"count":0,"href":"https:\/\/apa.de\/fr\/wp-json\/wp\/v2\/posts\/8688\/revisions"}],"wp:featuredmedia":[{"embeddable":true,"href":"https:\/\/apa.de\/fr\/wp-json\/wp\/v2\/media\/8393"}],"wp:attachment":[{"href":"https:\/\/apa.de\/fr\/wp-json\/wp\/v2\/media?parent=8688"}],"wp:term":[{"taxonomy":"category","embeddable":true,"href":"https:\/\/apa.de\/fr\/wp-json\/wp\/v2\/categories?post=8688"},{"taxonomy":"post_tag","embeddable":true,"href":"https:\/\/apa.de\/fr\/wp-json\/wp\/v2\/tags?post=8688"}],"curies":[{"name":"wp","href":"https:\/\/api.w.org\/{rel}","templated":true}]}}